{"id":1628,"date":"2026-04-29T19:48:12","date_gmt":"2026-04-29T19:48:12","guid":{"rendered":"https:\/\/funciondigital.com\/conectividade-de-alta-densidade-implantacao-de-fibra-optica-para-interconexao-de-salas\/"},"modified":"2026-04-29T19:48:28","modified_gmt":"2026-04-29T19:48:28","slug":"conectividade-de-alta-densidade-implantacao-de-fibra-optica-para-interconexao-de-salas","status":"publish","type":"post","link":"https:\/\/funciondigital.com\/pt-br\/conectividade-de-alta-densidade-implantacao-de-fibra-optica-para-interconexao-de-salas\/","title":{"rendered":"Conectividade de alta densidade: implanta\u00e7\u00e3o de fibra \u00f3ptica para interconex\u00e3o de salas"},"content":{"rendered":"\n<p class=\"\">Para data centers de miss\u00e3o cr\u00edtica, a velocidade de interconex\u00e3o \u00e9 o fator que determina o desempenho geral. <strong>A Funci\u00f3n Digital<\/strong> liderou um projeto t\u00e9cnico altamente complexo para uma <strong>empresa l\u00edder em servi\u00e7os de nuvem<\/strong>, com foco na infraestrutura de comunica\u00e7\u00e3o interna de suas salas t\u00e9cnicas.<\/p>\n\n<p class=\"\"><strong>Objetivos do projeto:<\/strong><\/p>\n\n<ul class=\"wp-block-list\">\n<li class=\"\"><strong>Implanta\u00e7\u00e3o de backbone:<\/strong> Instala\u00e7\u00e3o de fibra \u00f3ptica de \u00faltima gera\u00e7\u00e3o para interconex\u00e3o de alta velocidade entre racks.<br\/><\/li>\n\n\n\n<li class=\"\"><strong>Cross-Connect:<\/strong> estabelecimento de links f\u00edsicos diretos entre salas t\u00e9cnicas (Colo) para minimizar a lat\u00eancia.<br\/><\/li>\n\n\n\n<li class=\"\"><strong>Certifica\u00e7\u00e3o de links:<\/strong> Verifica\u00e7\u00e3o t\u00e9cnica de cada ponto de conex\u00e3o para garantir que a largura de banda atenda aos requisitos de tr\u00e1fego de dados em massa.<\/li>\n<\/ul>\n\n<p class=\"\">Esse projeto eliminou os gargalos na comunica\u00e7\u00e3o interna do Data Center, permitindo a transfer\u00eancia de dados suave e segura, vital para o suporte de aplicativos de alta demanda.<\/p>\n\n<p class=\"\"><\/p>\n","protected":false},"excerpt":{"rendered":"<p>Para data centers de miss\u00e3o cr\u00edtica, a velocidade de interconex\u00e3o \u00e9 o fator que determina o desempenho geral. A Funci\u00f3n Digital liderou um projeto t\u00e9cnico altamente complexo para uma empresa l\u00edder em servi\u00e7os de nuvem, com foco na infraestrutura de comunica\u00e7\u00e3o interna de suas salas t\u00e9cnicas. Objetivos do projeto: Esse projeto eliminou os gargalos na [&hellip;]<\/p>\n","protected":false},"author":3,"featured_media":1625,"comment_status":"closed","ping_status":"closed","sticky":false,"template":"","format":"standard","meta":{"nf_dc_page":"","footnotes":""},"categories":[53],"tags":[],"class_list":["post-1628","post","type-post","status-publish","format-standard","has-post-thumbnail","hentry","category-centros-de-dados"],"_links":{"self":[{"href":"https:\/\/funciondigital.com\/pt-br\/wp-json\/wp\/v2\/posts\/1628","targetHints":{"allow":["GET"]}}],"collection":[{"href":"https:\/\/funciondigital.com\/pt-br\/wp-json\/wp\/v2\/posts"}],"about":[{"href":"https:\/\/funciondigital.com\/pt-br\/wp-json\/wp\/v2\/types\/post"}],"author":[{"embeddable":true,"href":"https:\/\/funciondigital.com\/pt-br\/wp-json\/wp\/v2\/users\/3"}],"replies":[{"embeddable":true,"href":"https:\/\/funciondigital.com\/pt-br\/wp-json\/wp\/v2\/comments?post=1628"}],"version-history":[{"count":1,"href":"https:\/\/funciondigital.com\/pt-br\/wp-json\/wp\/v2\/posts\/1628\/revisions"}],"predecessor-version":[{"id":1629,"href":"https:\/\/funciondigital.com\/pt-br\/wp-json\/wp\/v2\/posts\/1628\/revisions\/1629"}],"wp:featuredmedia":[{"embeddable":true,"href":"https:\/\/funciondigital.com\/pt-br\/wp-json\/wp\/v2\/media\/1625"}],"wp:attachment":[{"href":"https:\/\/funciondigital.com\/pt-br\/wp-json\/wp\/v2\/media?parent=1628"}],"wp:term":[{"taxonomy":"category","embeddable":true,"href":"https:\/\/funciondigital.com\/pt-br\/wp-json\/wp\/v2\/categories?post=1628"},{"taxonomy":"post_tag","embeddable":true,"href":"https:\/\/funciondigital.com\/pt-br\/wp-json\/wp\/v2\/tags?post=1628"}],"curies":[{"name":"wp","href":"https:\/\/api.w.org\/{rel}","templated":true}]}}